{"id":119,"date":"2018-05-04T14:12:47","date_gmt":"2018-05-04T12:12:47","guid":{"rendered":"http:\/\/olakopplinger.com\/?p=119"},"modified":"2018-05-04T14:12:47","modified_gmt":"2018-05-04T12:12:47","slug":"lebe-deinen-traum-einladung-zum-intensiv-coaching","status":"publish","type":"post","link":"https:\/\/olakopplinger.com\/de\/2018\/05\/04\/lebe-deinen-traum-einladung-zum-intensiv-coaching\/","title":{"rendered":"Lebe deinen Traum \u2013 Einladung zum Intensiv Coaching"},"content":{"rendered":"<p><span class=\"_4n-j _3cht fsl\" data-testid=\"event-permalink-details\"><img loading=\"lazy\" decoding=\"async\" class=\"alignnone size-full wp-image-120\" src=\"https:\/\/olakopplinger.com\/wp-content\/uploads\/2018\/05\/Lebe-Deine-Tr\u00e4ume-Seminar.png\" alt=\"\" width=\"1920\" height=\"1080\" srcset=\"https:\/\/olakopplinger.com\/wp-content\/uploads\/2018\/05\/Lebe-Deine-Tr\u00e4ume-Seminar.png 1920w, https:\/\/olakopplinger.com\/wp-content\/uploads\/2018\/05\/Lebe-Deine-Tr\u00e4ume-Seminar-400x225.png 400w, https:\/\/olakopplinger.com\/wp-content\/uploads\/2018\/05\/Lebe-Deine-Tr\u00e4ume-Seminar-300x169.png 300w, https:\/\/olakopplinger.com\/wp-content\/uploads\/2018\/05\/Lebe-Deine-Tr\u00e4ume-Seminar-768x432.png 768w, https:\/\/olakopplinger.com\/wp-content\/uploads\/2018\/05\/Lebe-Deine-Tr\u00e4ume-Seminar-1024x576.png 1024w, https:\/\/olakopplinger.com\/wp-content\/uploads\/2018\/05\/Lebe-Deine-Tr\u00e4ume-Seminar-622x350.png 622w\" sizes=\"(max-width: 1920px) 100vw, 1920px\" \/>Ein Traum wird greifbar \u2013 wenn du dich bef\u00e4higst, ihn zu leben.<br \/>\nEin Traum m\u00f6chte gelebt werden.<\/span><\/p>\n<p>Selbst wenn du tr\u00e4umst \u2013 glaubst, dass es einen gibt, hei\u00dft das, ihn zum Leben zu erwecken.<\/p>\n<p>\u2705 Du wirst herausfinden, ob es wirklich DEIN Traum ist.<\/p>\n<p>\u2705 Du wirst deinen Traum befreien.<\/p>\n<p>\u2705 Du wirst Mut entwickeln, ihn zu leben.<\/p>\n<p>\u2705 Du wirst befreiter sein.<\/p>\n<p>\u2705Du wirst die Bahn der Erf\u00fcllung legen.<\/p>\n<p>\u2705 Du wirst Dich in deinem Traum leben.<\/p>\n<p>\u2705 Du wirst aufh\u00f6ren, im Rad zu laufen bzw. auf der Stelle zu treten!<\/p>\n<p>\u2705 Du wirst Unterst\u00fctzung finden, wenn du das Gef\u00fchl hast, eine gef\u00fchlte Ewigkeit etwas hinterher zu laufen und nicht am Ziel anzukommen.<\/p>\n<p>\u2705 Du wirst Unterst\u00fctzung bekommen, wenn du kurz davor bist, aufzugeben \u2013 aber nicht wei\u00dft, ob du kurz vorm Ziel stehst oder ob es besser ist umzukehren.<\/p>\n<p>Ich sehe dich als das, was du wirklich bist und willst.<br \/>\nWir unterst\u00fctzen uns in einem Rahmen, wo der eine den anderen sieht und die Liebe in F\u00fchrung geht.<\/p>\n<p>Melde dich bis Mitte Mai 2018 an und erhalten den<br \/>\nSpezial Preis von<br \/>\n\u20ac 450.\u2013<br \/>\nAb dem 16. Mai 2018 \u20ac 550.\u2013<br \/>\nDie Teilnehmerzahl ist auf 10 Teilnehmer begrenzt.<br \/>\nNoch Fragen? Lass uns kurz sprechen! Hier gehts zum kostenlosen Infotermin per Skype: <a href=\"https:\/\/bit.ly\/2En91QX\" target=\"_blank\" rel=\"nofollow noopener\" data-lynx-mode=\"asynclazy\" data-lynx-uri=\"https:\/\/l.facebook.com\/l.php?u=http%3A%2F%2Fbit.ly%2F2En91QX&amp;h=ATOrcCAQu-sC7yL7_2Y0oNWKZOhPvSeAYUBX5t8h393GBzbB9YQrqLSb20vMZuOpWmBNUXVXm5HGYTeakIpHoJdqnzK1FDV5LG3jBj_tZKW_s0_Jw5A\">https:\/\/bit.ly\/2En91QX<\/a><\/p>\n","protected":false},"excerpt":{"rendered":"<p>Ein Traum wird greifbar \u2013 wenn du dich bef\u00e4higst, ihn zu leben. Ein Traum m\u00f6chte gelebt werden. Selbst wenn du tr\u00e4umst \u2013 glaubst, dass es einen gibt, hei\u00dft das, ihn zum Leben zu erwecken. \u2705 Du wirst herausfinden, ob es wirklich DEIN Traum ist. \u2705 Du wirst deinen Traum befreien. \u2705 Du wirst Mut entwickeln, [&hellip;]<\/p>\n","protected":false},"author":1,"featured_media":120,"comment_status":"open","ping_status":"open","sticky":false,"template":"","format":"standard","meta":{"_et_pb_use_builder":"","_et_pb_old_content":"","_et_gb_content_width":"","footnotes":""},"categories":[1],"tags":[],"class_list":["post-119","post","type-post","status-publish","format-standard","has-post-thumbnail","hentry","category-unkategorisiert"],"_links":{"self":[{"href":"https:\/\/olakopplinger.com\/de\/wp-json\/wp\/v2\/posts\/119","targetHints":{"allow":["GET"]}}],"collection":[{"href":"https:\/\/olakopplinger.com\/de\/wp-json\/wp\/v2\/posts"}],"about":[{"href":"https:\/\/olakopplinger.com\/de\/wp-json\/wp\/v2\/types\/post"}],"author":[{"embeddable":true,"href":"https:\/\/olakopplinger.com\/de\/wp-json\/wp\/v2\/users\/1"}],"replies":[{"embeddable":true,"href":"https:\/\/olakopplinger.com\/de\/wp-json\/wp\/v2\/comments?post=119"}],"version-history":[{"count":1,"href":"https:\/\/olakopplinger.com\/de\/wp-json\/wp\/v2\/posts\/119\/revisions"}],"predecessor-version":[{"id":121,"href":"https:\/\/olakopplinger.com\/de\/wp-json\/wp\/v2\/posts\/119\/revisions\/121"}],"wp:featuredmedia":[{"embeddable":true,"href":"https:\/\/olakopplinger.com\/de\/wp-json\/wp\/v2\/media\/120"}],"wp:attachment":[{"href":"https:\/\/olakopplinger.com\/de\/wp-json\/wp\/v2\/media?parent=119"}],"wp:term":[{"taxonomy":"category","embeddable":true,"href":"https:\/\/olakopplinger.com\/de\/wp-json\/wp\/v2\/categories?post=119"},{"taxonomy":"post_tag","embeddable":true,"href":"https:\/\/olakopplinger.com\/de\/wp-json\/wp\/v2\/tags?post=119"}],"curies":[{"name":"wp","href":"https:\/\/api.w.org\/{rel}","templated":true}]}}